{"provider_url": "https://www.sandolandia.to.leg.br", "title": "Marcha a Bras\u00edlia", "html": "<p>Os vereadores de Sandol\u00e2ndia\u00a0<strong>Durval Jorge -</strong>\u00a0Presidente da C\u00e2mara,<strong> Wagner Jos\u00e9 -</strong>\u00a0Vice-Presidente, e<strong> Athos Diego -</strong>\u00a01\u00ba Secret\u00e1rio da Mesa Diretora,<strong> </strong>participam do evento municipalista\u00a0<strong>-</strong>\u00a0<span><strong>XXIII Marcha a Bras\u00edlia em Defesa dos Munic\u00edpios,</strong>\u00a0que acontece no <strong>per\u00edodo de 25 a 28 de abril de 2022, em Bras\u00edlia/DF.</strong> Evento organizado pela\u00a0CNM -\u00a0<span>Confedera\u00e7\u00e3o Nacional de Munic\u00edpios.</span></span></p>\r\n<p><span><span></span></span>Sendo considerado o maior evento municipalista da Am\u00e9rica Latina. Este ano, mais de seis mil pessoas entre prefeitos, vereadores e gestores municipais,\u00a0realizaram inscri\u00e7\u00e3o pr\u00e9via e garantiram presen\u00e7a na XXIII Marcha.</p>\r\n<p><strong>Com o tema Munic\u00edpio: o caminho para um Brasil melhor,</strong>\u00a0a abertura oficial aconteceu na ter\u00e7a-feira, 26 de abril, contando com a participa\u00e7\u00e3o de autoridades dos tr\u00eas Poderes.</p>\r\n<p>Durante a Marcha, os participantes receberam atendimento t\u00e9cnico especializado de acordo com a realidade municipal. Al\u00e9m disso, tiveram a oportunidade de participar de plen\u00e1rias tem\u00e1ticas sobre assuntos diversos que afetam diretamente a administra\u00e7\u00e3o local.</p>\r\n<p><i>Veja aqui\u00a0<b><a class=\"external-link\" href=\"https://www.sandolandia.to.leg.br/institucional/galeria-de-fotos-1/xxiii-marcha-a-brasilia\" target=\"_blank\" title=\"\">fotos</a></b>\u00a0do Evento.</i></p>\r\n<p><i>Fonte: Assessoria da C\u00e2mara.</i></p>", "author_name": "", "version": "1.0", "author_url": "https://www.sandolandia.to.leg.br/author/san", "provider_name": "C\u00e2mara Municipal de Sandol\u00e2ndia/TO", "type": "rich"}